{"id":139848,"date":"2023-09-15T19:07:46","date_gmt":"2023-09-15T19:07:46","guid":{"rendered":"https:\/\/ville-illies.fr\/?p=139848"},"modified":"2023-09-15T19:09:41","modified_gmt":"2023-09-15T19:09:41","slug":"catastrophe-naturelle","status":"publish","type":"post","link":"https:\/\/ville-illies.fr\/?p=139848","title":{"rendered":"ARRETE DE RECONNAISSANCE DE L&rsquo;ETAT DE CATASTROPHE NATURELLE"},"content":{"rendered":"<p>[et_pb_section fb_built=\u00a0\u00bb1&Prime; _builder_version=\u00a0\u00bb4.20.4&Prime; _module_preset=\u00a0\u00bbdefault\u00a0\u00bb global_colors_info=\u00a0\u00bb{}\u00a0\u00bb][et_pb_row _builder_version=\u00a0\u00bb4.20.4&Prime; _module_preset=\u00a0\u00bbdefault\u00a0\u00bb global_colors_info=\u00a0\u00bb{}\u00a0\u00bb][et_pb_column type=\u00a0\u00bb4_4&Prime; _builder_version=\u00a0\u00bb4.20.4&Prime; _module_preset=\u00a0\u00bbdefault\u00a0\u00bb global_colors_info=\u00a0\u00bb{}\u00a0\u00bb][et_pb_text _builder_version=\u00a0\u00bb4.20.4&Prime; _module_preset=\u00a0\u00bbdefault\u00a0\u00bb hover_enabled=\u00a0\u00bb0&Prime; global_colors_info=\u00a0\u00bb{}\u00a0\u00bb sticky_enabled=\u00a0\u00bb0&Prime;]<\/p>\n<p class=\"p1\">ARRETE DE RECONNAISSANCE DE L&rsquo;ETAT DE CATASTROPHE NATURELLE &#8211; PROPRIETAIRES SINISTRES PERIODE 01\/04\/2022 au 30\/09\/2022<\/p>\n<p class=\"p1\"><strong>ATTENTION<\/strong><\/p>\n<p class=\"p1\">Vous disposez d&rsquo;un d\u00e9lai 30 jours \u00e0 compter du 15 septembre 2023 pour vous rapprocher de votre compagnie d&rsquo;assurances afin de b\u00e9n\u00e9ficier du r\u00e9gime d&rsquo;indemnisation<\/p>\n<p class=\"p1\">Chers Illiloises, Illilois,<\/p>\n<p class=\"p1\">Nous vous informons que par arr\u00eat\u00e9 interminist\u00e9riel NOR : IOME2316198A du 22 juillet 2023 (publi\u00e9 au Journal Officiel du 14 septembre 2023), la commune d&rsquo;Illies est reconnue en \u00e9tat de catastrophe naturelle au titre des mouvements de terrain diff\u00e9rentiels cons\u00e9cutifs \u00e0 la s\u00e9cheresse et \u00e0 la r\u00e9hydratation des sols pour la p\u00e9riode du 01\/04\/2022 au 30\/09\/2022<\/p>\n<p class=\"p3\"><a href=\"https:\/\/www.legifrance.gouv.fr\/eli\/arrete\/2023\/7\/22\/IOME2316198A\/jo\/texte?fbclid=IwAR2R9ulTcsTKSV_Y6P1OUipVggirtT9LdjQ7TppSs0I_ZMqGYNSVjbF8juw\">https:\/\/www.legifrance.gouv.fr\/&#8230;\/22\/IOME2316198A\/jo\/texte<\/a><\/p>\n<p class=\"p1\">JORF n\u00b00213 du 14 septembre 2023<\/p>\n<p class=\"p1\">Texte n\u00b0 5<\/p>\n<p>[\/et_pb_text][\/et_pb_column][\/et_pb_row][\/et_pb_section]<\/p>\n","protected":false},"excerpt":{"rendered":"<p>ARRETE DE RECONNAISSANCE DE L&rsquo;ETAT DE CATASTROPHE NATURELLE &#8211; PROPRIETAIRES SINISTRES PERIODE 01\/04\/2022 au 30\/09\/2022 ATTENTION Vous disposez d&rsquo;un d\u00e9lai 30 jours \u00e0 compter du 15 septembre 2023 pour vous rapprocher de votre compagnie d&rsquo;assurances afin de b\u00e9n\u00e9ficier du r\u00e9gime d&rsquo;indemnisation Chers Illiloises, Illilois, Nous vous informons que par arr\u00eat\u00e9 interminist\u00e9riel NOR : IOME2316198A du [&hellip;]<\/p>\n","protected":false},"author":1,"featured_media":139860,"comment_status":"closed","ping_status":"open","sticky":false,"template":"","format":"standard","meta":{"_et_pb_use_builder":"on","_et_pb_old_content":"<!-- wp:code -->\n<pre class=\"wp-block-code\"><code><\/code><\/pre>\n<!-- \/wp:code -->","_et_gb_content_width":"793","footnotes":""},"categories":[11,40],"tags":[],"class_list":["post-139848","post","type-post","status-publish","format-standard","has-post-thumbnail","hentry","category-infos-pratiques-illies","category-infos"],"yoast_head":"<!-- This site is optimized with the Yoast SEO plugin v27.4 - https:\/\/yoast.com\/product\/yoast-seo-wordpress\/ -->\n<title>ARRETE DE RECONNAISSANCE DE L&#039;ETAT DE CATASTROPHE NATURELLE - Site officiel de la ville d&#039;Illies<\/title>\n<meta name=\"robots\" content=\"index, follow, max-snippet:-1, max-image-preview:large, max-video-preview:-1\" \/>\n<link rel=\"canonical\" href=\"https:\/\/ville-illies.fr\/?p=139848\" \/>\n<meta property=\"og:locale\" content=\"fr_FR\" \/>\n<meta property=\"og:type\" content=\"article\" \/>\n<meta property=\"og:title\" content=\"ARRETE DE RECONNAISSANCE DE L&#039;ETAT DE CATASTROPHE NATURELLE - Site officiel de la ville d&#039;Illies\" \/>\n<meta property=\"og:description\" content=\"ARRETE DE RECONNAISSANCE DE L&#039;ETAT DE CATASTROPHE NATURELLE - PROPRIETAIRES SINISTRES PERIODE 01\/04\/2022 au 30\/09\/2022 ATTENTION Vous disposez d&#039;un d\u00e9lai 30 jours \u00e0 compter du 15 septembre 2023 pour vous rapprocher de votre compagnie d&#039;assurances afin de b\u00e9n\u00e9ficier du r\u00e9gime d&#039;indemnisation Chers Illiloises, Illilois, Nous vous informons que par arr\u00eat\u00e9 interminist\u00e9riel NOR : IOME2316198A du [&hellip;]\" \/>\n<meta property=\"og:url\" content=\"https:\/\/ville-illies.fr\/?p=139848\" \/>\n<meta property=\"og:site_name\" content=\"Site officiel de la ville d&#039;Illies\" \/>\n<meta property=\"article:published_time\" content=\"2023-09-15T19:07:46+00:00\" \/>\n<meta property=\"article:modified_time\" content=\"2023-09-15T19:09:41+00:00\" \/>\n<meta property=\"og:image\" content=\"https:\/\/ville-illies.fr\/wp-content\/uploads\/2023\/09\/catastrophe-naturelle-scaled.jpeg\" \/>\n\t<meta property=\"og:image:width\" content=\"1024\" \/>\n\t<meta property=\"og:image:height\" content=\"658\" \/>\n\t<meta property=\"og:image:type\" content=\"image\/jpeg\" \/>\n<meta name=\"author\" content=\"AMO\" \/>\n<meta name=\"twitter:card\" content=\"summary_large_image\" \/>\n<meta name=\"twitter:label1\" content=\"\u00c9crit par\" \/>\n\t<meta name=\"twitter:data1\" content=\"AMO\" \/>\n\t<meta name=\"twitter:label2\" content=\"Dur\u00e9e de lecture estim\u00e9e\" \/>\n\t<meta name=\"twitter:data2\" content=\"2 minutes\" \/>\n<script type=\"application\/ld+json\" class=\"yoast-schema-graph\">{\"@context\":\"https:\\\/\\\/schema.org\",\"@graph\":[{\"@type\":\"Article\",\"@id\":\"https:\\\/\\\/ville-illies.fr\\\/?p=139848#article\",\"isPartOf\":{\"@id\":\"https:\\\/\\\/ville-illies.fr\\\/?p=139848\"},\"author\":{\"name\":\"AMO\",\"@id\":\"https:\\\/\\\/ville-illies.fr\\\/#\\\/schema\\\/person\\\/4ce62e67b166a6398936207b771f3127\"},\"headline\":\"ARRETE DE RECONNAISSANCE DE L&rsquo;ETAT DE CATASTROPHE NATURELLE\",\"datePublished\":\"2023-09-15T19:07:46+00:00\",\"dateModified\":\"2023-09-15T19:09:41+00:00\",\"mainEntityOfPage\":{\"@id\":\"https:\\\/\\\/ville-illies.fr\\\/?p=139848\"},\"wordCount\":183,\"publisher\":{\"@id\":\"https:\\\/\\\/ville-illies.fr\\\/#organization\"},\"image\":{\"@id\":\"https:\\\/\\\/ville-illies.fr\\\/?p=139848#primaryimage\"},\"thumbnailUrl\":\"https:\\\/\\\/ville-illies.fr\\\/wp-content\\\/uploads\\\/2023\\\/09\\\/catastrophe-naturelle-scaled.jpeg\",\"articleSection\":[\"A la Une !\",\"Infos\"],\"inLanguage\":\"fr-FR\"},{\"@type\":\"WebPage\",\"@id\":\"https:\\\/\\\/ville-illies.fr\\\/?p=139848\",\"url\":\"https:\\\/\\\/ville-illies.fr\\\/?p=139848\",\"name\":\"ARRETE DE RECONNAISSANCE DE L'ETAT DE CATASTROPHE NATURELLE - Site officiel de la ville d&#039;Illies\",\"isPartOf\":{\"@id\":\"https:\\\/\\\/ville-illies.fr\\\/#website\"},\"primaryImageOfPage\":{\"@id\":\"https:\\\/\\\/ville-illies.fr\\\/?p=139848#primaryimage\"},\"image\":{\"@id\":\"https:\\\/\\\/ville-illies.fr\\\/?p=139848#primaryimage\"},\"thumbnailUrl\":\"https:\\\/\\\/ville-illies.fr\\\/wp-content\\\/uploads\\\/2023\\\/09\\\/catastrophe-naturelle-scaled.jpeg\",\"datePublished\":\"2023-09-15T19:07:46+00:00\",\"dateModified\":\"2023-09-15T19:09:41+00:00\",\"breadcrumb\":{\"@id\":\"https:\\\/\\\/ville-illies.fr\\\/?p=139848#breadcrumb\"},\"inLanguage\":\"fr-FR\",\"potentialAction\":[{\"@type\":\"ReadAction\",\"target\":[\"https:\\\/\\\/ville-illies.fr\\\/?p=139848\"]}]},{\"@type\":\"ImageObject\",\"inLanguage\":\"fr-FR\",\"@id\":\"https:\\\/\\\/ville-illies.fr\\\/?p=139848#primaryimage\",\"url\":\"https:\\\/\\\/ville-illies.fr\\\/wp-content\\\/uploads\\\/2023\\\/09\\\/catastrophe-naturelle-scaled.jpeg\",\"contentUrl\":\"https:\\\/\\\/ville-illies.fr\\\/wp-content\\\/uploads\\\/2023\\\/09\\\/catastrophe-naturelle-scaled.jpeg\",\"width\":1024,\"height\":658},{\"@type\":\"BreadcrumbList\",\"@id\":\"https:\\\/\\\/ville-illies.fr\\\/?p=139848#breadcrumb\",\"itemListElement\":[{\"@type\":\"ListItem\",\"position\":1,\"name\":\"Accueil\",\"item\":\"https:\\\/\\\/ville-illies.fr\\\/\"},{\"@type\":\"ListItem\",\"position\":2,\"name\":\"ARRETE DE RECONNAISSANCE DE L&rsquo;ETAT DE CATASTROPHE NATURELLE\"}]},{\"@type\":\"WebSite\",\"@id\":\"https:\\\/\\\/ville-illies.fr\\\/#website\",\"url\":\"https:\\\/\\\/ville-illies.fr\\\/\",\"name\":\"Site officiel de la ville d&#039;Illies\",\"description\":\"Illies, votre village\",\"publisher\":{\"@id\":\"https:\\\/\\\/ville-illies.fr\\\/#organization\"},\"potentialAction\":[{\"@type\":\"SearchAction\",\"target\":{\"@type\":\"EntryPoint\",\"urlTemplate\":\"https:\\\/\\\/ville-illies.fr\\\/?s={search_term_string}\"},\"query-input\":{\"@type\":\"PropertyValueSpecification\",\"valueRequired\":true,\"valueName\":\"search_term_string\"}}],\"inLanguage\":\"fr-FR\"},{\"@type\":\"Organization\",\"@id\":\"https:\\\/\\\/ville-illies.fr\\\/#organization\",\"name\":\"Mairie d'Illies\",\"url\":\"https:\\\/\\\/ville-illies.fr\\\/\",\"logo\":{\"@type\":\"ImageObject\",\"inLanguage\":\"fr-FR\",\"@id\":\"https:\\\/\\\/ville-illies.fr\\\/#\\\/schema\\\/logo\\\/image\\\/\",\"url\":\"https:\\\/\\\/ville-illies.fr\\\/wp-content\\\/uploads\\\/2018\\\/12\\\/LogoIllies500x600.png\",\"contentUrl\":\"https:\\\/\\\/ville-illies.fr\\\/wp-content\\\/uploads\\\/2018\\\/12\\\/LogoIllies500x600.png\",\"width\":500,\"height\":600,\"caption\":\"Mairie d'Illies\"},\"image\":{\"@id\":\"https:\\\/\\\/ville-illies.fr\\\/#\\\/schema\\\/logo\\\/image\\\/\"}},{\"@type\":\"Person\",\"@id\":\"https:\\\/\\\/ville-illies.fr\\\/#\\\/schema\\\/person\\\/4ce62e67b166a6398936207b771f3127\",\"name\":\"AMO\",\"image\":{\"@type\":\"ImageObject\",\"inLanguage\":\"fr-FR\",\"@id\":\"https:\\\/\\\/secure.gravatar.com\\\/avatar\\\/010ed7a6e3d68ac7c80f828d17a0f1c1238004cc33dee85cce5bec28ebd24f3b?s=96&d=mm&r=g\",\"url\":\"https:\\\/\\\/secure.gravatar.com\\\/avatar\\\/010ed7a6e3d68ac7c80f828d17a0f1c1238004cc33dee85cce5bec28ebd24f3b?s=96&d=mm&r=g\",\"contentUrl\":\"https:\\\/\\\/secure.gravatar.com\\\/avatar\\\/010ed7a6e3d68ac7c80f828d17a0f1c1238004cc33dee85cce5bec28ebd24f3b?s=96&d=mm&r=g\",\"caption\":\"AMO\"},\"sameAs\":[\"http:\\\/\\\/amaury-ramaut.fr\"],\"url\":\"https:\\\/\\\/ville-illies.fr\\\/?author=1\"}]}<\/script>\n<!-- \/ Yoast SEO plugin. -->","yoast_head_json":{"title":"ARRETE DE RECONNAISSANCE DE L'ETAT DE CATASTROPHE NATURELLE - Site officiel de la ville d&#039;Illies","robots":{"index":"index","follow":"follow","max-snippet":"max-snippet:-1","max-image-preview":"max-image-preview:large","max-video-preview":"max-video-preview:-1"},"canonical":"https:\/\/ville-illies.fr\/?p=139848","og_locale":"fr_FR","og_type":"article","og_title":"ARRETE DE RECONNAISSANCE DE L'ETAT DE CATASTROPHE NATURELLE - Site officiel de la ville d&#039;Illies","og_description":"ARRETE DE RECONNAISSANCE DE L'ETAT DE CATASTROPHE NATURELLE - PROPRIETAIRES SINISTRES PERIODE 01\/04\/2022 au 30\/09\/2022 ATTENTION Vous disposez d'un d\u00e9lai 30 jours \u00e0 compter du 15 septembre 2023 pour vous rapprocher de votre compagnie d'assurances afin de b\u00e9n\u00e9ficier du r\u00e9gime d'indemnisation Chers Illiloises, Illilois, Nous vous informons que par arr\u00eat\u00e9 interminist\u00e9riel NOR : IOME2316198A du [&hellip;]","og_url":"https:\/\/ville-illies.fr\/?p=139848","og_site_name":"Site officiel de la ville d&#039;Illies","article_published_time":"2023-09-15T19:07:46+00:00","article_modified_time":"2023-09-15T19:09:41+00:00","og_image":[{"width":1024,"height":658,"url":"https:\/\/ville-illies.fr\/wp-content\/uploads\/2023\/09\/catastrophe-naturelle-scaled.jpeg","type":"image\/jpeg"}],"author":"AMO","twitter_card":"summary_large_image","twitter_misc":{"\u00c9crit par":"AMO","Dur\u00e9e de lecture estim\u00e9e":"2 minutes"},"schema":{"@context":"https:\/\/schema.org","@graph":[{"@type":"Article","@id":"https:\/\/ville-illies.fr\/?p=139848#article","isPartOf":{"@id":"https:\/\/ville-illies.fr\/?p=139848"},"author":{"name":"AMO","@id":"https:\/\/ville-illies.fr\/#\/schema\/person\/4ce62e67b166a6398936207b771f3127"},"headline":"ARRETE DE RECONNAISSANCE DE L&rsquo;ETAT DE CATASTROPHE NATURELLE","datePublished":"2023-09-15T19:07:46+00:00","dateModified":"2023-09-15T19:09:41+00:00","mainEntityOfPage":{"@id":"https:\/\/ville-illies.fr\/?p=139848"},"wordCount":183,"publisher":{"@id":"https:\/\/ville-illies.fr\/#organization"},"image":{"@id":"https:\/\/ville-illies.fr\/?p=139848#primaryimage"},"thumbnailUrl":"https:\/\/ville-illies.fr\/wp-content\/uploads\/2023\/09\/catastrophe-naturelle-scaled.jpeg","articleSection":["A la Une !","Infos"],"inLanguage":"fr-FR"},{"@type":"WebPage","@id":"https:\/\/ville-illies.fr\/?p=139848","url":"https:\/\/ville-illies.fr\/?p=139848","name":"ARRETE DE RECONNAISSANCE DE L'ETAT DE CATASTROPHE NATURELLE - Site officiel de la ville d&#039;Illies","isPartOf":{"@id":"https:\/\/ville-illies.fr\/#website"},"primaryImageOfPage":{"@id":"https:\/\/ville-illies.fr\/?p=139848#primaryimage"},"image":{"@id":"https:\/\/ville-illies.fr\/?p=139848#primaryimage"},"thumbnailUrl":"https:\/\/ville-illies.fr\/wp-content\/uploads\/2023\/09\/catastrophe-naturelle-scaled.jpeg","datePublished":"2023-09-15T19:07:46+00:00","dateModified":"2023-09-15T19:09:41+00:00","breadcrumb":{"@id":"https:\/\/ville-illies.fr\/?p=139848#breadcrumb"},"inLanguage":"fr-FR","potentialAction":[{"@type":"ReadAction","target":["https:\/\/ville-illies.fr\/?p=139848"]}]},{"@type":"ImageObject","inLanguage":"fr-FR","@id":"https:\/\/ville-illies.fr\/?p=139848#primaryimage","url":"https:\/\/ville-illies.fr\/wp-content\/uploads\/2023\/09\/catastrophe-naturelle-scaled.jpeg","contentUrl":"https:\/\/ville-illies.fr\/wp-content\/uploads\/2023\/09\/catastrophe-naturelle-scaled.jpeg","width":1024,"height":658},{"@type":"BreadcrumbList","@id":"https:\/\/ville-illies.fr\/?p=139848#breadcrumb","itemListElement":[{"@type":"ListItem","position":1,"name":"Accueil","item":"https:\/\/ville-illies.fr\/"},{"@type":"ListItem","position":2,"name":"ARRETE DE RECONNAISSANCE DE L&rsquo;ETAT DE CATASTROPHE NATURELLE"}]},{"@type":"WebSite","@id":"https:\/\/ville-illies.fr\/#website","url":"https:\/\/ville-illies.fr\/","name":"Site officiel de la ville d&#039;Illies","description":"Illies, votre village","publisher":{"@id":"https:\/\/ville-illies.fr\/#organization"},"potentialAction":[{"@type":"SearchAction","target":{"@type":"EntryPoint","urlTemplate":"https:\/\/ville-illies.fr\/?s={search_term_string}"},"query-input":{"@type":"PropertyValueSpecification","valueRequired":true,"valueName":"search_term_string"}}],"inLanguage":"fr-FR"},{"@type":"Organization","@id":"https:\/\/ville-illies.fr\/#organization","name":"Mairie d'Illies","url":"https:\/\/ville-illies.fr\/","logo":{"@type":"ImageObject","inLanguage":"fr-FR","@id":"https:\/\/ville-illies.fr\/#\/schema\/logo\/image\/","url":"https:\/\/ville-illies.fr\/wp-content\/uploads\/2018\/12\/LogoIllies500x600.png","contentUrl":"https:\/\/ville-illies.fr\/wp-content\/uploads\/2018\/12\/LogoIllies500x600.png","width":500,"height":600,"caption":"Mairie d'Illies"},"image":{"@id":"https:\/\/ville-illies.fr\/#\/schema\/logo\/image\/"}},{"@type":"Person","@id":"https:\/\/ville-illies.fr\/#\/schema\/person\/4ce62e67b166a6398936207b771f3127","name":"AMO","image":{"@type":"ImageObject","inLanguage":"fr-FR","@id":"https:\/\/secure.gravatar.com\/avatar\/010ed7a6e3d68ac7c80f828d17a0f1c1238004cc33dee85cce5bec28ebd24f3b?s=96&d=mm&r=g","url":"https:\/\/secure.gravatar.com\/avatar\/010ed7a6e3d68ac7c80f828d17a0f1c1238004cc33dee85cce5bec28ebd24f3b?s=96&d=mm&r=g","contentUrl":"https:\/\/secure.gravatar.com\/avatar\/010ed7a6e3d68ac7c80f828d17a0f1c1238004cc33dee85cce5bec28ebd24f3b?s=96&d=mm&r=g","caption":"AMO"},"sameAs":["http:\/\/amaury-ramaut.fr"],"url":"https:\/\/ville-illies.fr\/?author=1"}]}},"_links":{"self":[{"href":"https:\/\/ville-illies.fr\/index.php?rest_route=\/wp\/v2\/posts\/139848","targetHints":{"allow":["GET"]}}],"collection":[{"href":"https:\/\/ville-illies.fr\/index.php?rest_route=\/wp\/v2\/posts"}],"about":[{"href":"https:\/\/ville-illies.fr\/index.php?rest_route=\/wp\/v2\/types\/post"}],"author":[{"embeddable":true,"href":"https:\/\/ville-illies.fr\/index.php?rest_route=\/wp\/v2\/users\/1"}],"replies":[{"embeddable":true,"href":"https:\/\/ville-illies.fr\/index.php?rest_route=%2Fwp%2Fv2%2Fcomments&post=139848"}],"version-history":[{"count":0,"href":"https:\/\/ville-illies.fr\/index.php?rest_route=\/wp\/v2\/posts\/139848\/revisions"}],"wp:featuredmedia":[{"embeddable":true,"href":"https:\/\/ville-illies.fr\/index.php?rest_route=\/wp\/v2\/media\/139860"}],"wp:attachment":[{"href":"https:\/\/ville-illies.fr\/index.php?rest_route=%2Fwp%2Fv2%2Fmedia&parent=139848"}],"wp:term":[{"taxonomy":"category","embeddable":true,"href":"https:\/\/ville-illies.fr\/index.php?rest_route=%2Fwp%2Fv2%2Fcategories&post=139848"},{"taxonomy":"post_tag","embeddable":true,"href":"https:\/\/ville-illies.fr\/index.php?rest_route=%2Fwp%2Fv2%2Ftags&post=139848"}],"curies":[{"name":"wp","href":"https:\/\/api.w.org\/{rel}","templated":true}]}}