{"id":38074,"date":"2021-01-16T17:10:07","date_gmt":"2021-01-16T17:10:07","guid":{"rendered":"https:\/\/ville-illies.fr\/?p=38074"},"modified":"2021-02-26T07:48:08","modified_gmt":"2021-02-26T07:48:08","slug":"voeux-du-maire-2021","status":"publish","type":"post","link":"https:\/\/ville-illies.fr\/?p=38074","title":{"rendered":"Voeux du Maire 2021"},"content":{"rendered":"\n\n\n\n[et_pb_section fb_built=\u00a0\u00bb1&Prime; _builder_version=\u00a0\u00bb4.7.7&Prime; _module_preset=\u00a0\u00bbdefault\u00a0\u00bb background_color=\u00a0\u00bb#2B87DA\u00a0\u00bb width=\u00a0\u00bb100%\u00a0\u00bb max_width=\u00a0\u00bb100%\u00a0\u00bb module_alignment=\u00a0\u00bbcenter\u00a0\u00bb custom_margin=\u00a0\u00bb|36px|||false|false\u00a0\u00bb custom_padding=\u00a0\u00bb|1px||||\u00a0\u00bb][et_pb_row column_structure=\u00a0\u00bb2_5,3_5&Prime; _builder_version=\u00a0\u00bb4.7.7&Prime; _module_preset=\u00a0\u00bbdefault\u00a0\u00bb width=\u00a0\u00bb100%\u00a0\u00bb max_width=\u00a0\u00bb1750px\u00a0\u00bb custom_padding=\u00a0\u00bb4px|||||\u00a0\u00bb][et_pb_column type=\u00a0\u00bb2_5&Prime; _builder_version=\u00a0\u00bb4.7.7&Prime; _module_preset=\u00a0\u00bbdefault\u00a0\u00bb][et_pb_text _builder_version=\u00a0\u00bb4.7.7&Prime; _module_preset=\u00a0\u00bbdefault\u00a0\u00bb text_font=\u00a0\u00bb||on||||||\u00a0\u00bb text_font_size=\u00a0\u00bb22px\u00a0\u00bb background_color_gradient_direction=\u00a0\u00bb285deg\u00a0\u00bb custom_padding=\u00a0\u00bb21px|10px|21px|10px|true|true\u00a0\u00bb hover_enabled=\u00a0\u00bb0&Prime; text_text_color=\u00a0\u00bb#ffffff\u00a0\u00bb sticky_enabled=\u00a0\u00bb0&Prime;]<p style=\"text-align: justify;\">Monsieur le Maire d&rsquo;Illies, le conseil municipal ainsi que tous les employ\u00e9s municipaux vous souhaitent une belle et heureuse ann\u00e9e 2021.<\/p>[\/et_pb_text][et_pb_image src=\u00a0\u00bbhttps:\/\/ville-illies.fr\/wp-content\/uploads\/2021\/01\/voeux-mairie-scaled.jpg\u00a0\u00bb alt=\u00a0\u00bbvoeux maire d&rsquo;illies\u00a0\u00bb title_text=\u00a0\u00bbvoeux-mairie\u00a0\u00bb show_in_lightbox=\u00a0\u00bbon\u00a0\u00bb _builder_version=\u00a0\u00bb4.7.7&Prime; _module_preset=\u00a0\u00bbdefault\u00a0\u00bb hover_enabled=\u00a0\u00bb0&Prime; sticky_enabled=\u00a0\u00bb0&Prime; custom_margin=\u00a0\u00bb-17px|||||\u00a0\u00bb][\/et_pb_image][\/et_pb_column][et_pb_column type=\u00a0\u00bb3_5&Prime; _builder_version=\u00a0\u00bb4.7.7&Prime; _module_preset=\u00a0\u00bbdefault\u00a0\u00bb][et_pb_video src=\u00a0\u00bbhttps:\/\/youtu.be\/misIc7neFfQ\u00a0\u00bb _builder_version=\u00a0\u00bb4.7.7&Prime; _module_preset=\u00a0\u00bbdefault\u00a0\u00bb custom_padding=\u00a0\u00bb0px||||false|false\u00a0\u00bb][\/et_pb_video][\/et_pb_column][\/et_pb_row][\/et_pb_section]\n\n\n\n","protected":false},"excerpt":{"rendered":"<p>Monsieur le Maire d&rsquo;Illies, le conseil municipal ainsi que tous les employ\u00e9s municipaux vous souhaitent une belle et heureuse ann\u00e9e 2021.<\/p>\n","protected":false},"author":1,"featured_media":38124,"comment_status":"open","ping_status":"open","sticky":false,"template":"","format":"standard","meta":{"_et_pb_use_builder":"on","_et_pb_old_content":"","_et_gb_content_width":"2880","footnotes":""},"categories":[4],"tags":[],"class_list":["post-38074","post","type-post","status-publish","format-standard","has-post-thumbnail","hentry","category-evenements"],"yoast_head":"<!-- This site is optimized with the Yoast SEO plugin v27.4 - https:\/\/yoast.com\/product\/yoast-seo-wordpress\/ -->\n<title>Voeux du Maire 2021 - Site officiel de la ville d&#039;Illies<\/title>\n<meta name=\"robots\" content=\"index, follow, max-snippet:-1, max-image-preview:large, max-video-preview:-1\" \/>\n<link rel=\"canonical\" href=\"https:\/\/ville-illies.fr\/?p=38074\" \/>\n<meta property=\"og:locale\" content=\"fr_FR\" \/>\n<meta property=\"og:type\" content=\"article\" \/>\n<meta property=\"og:title\" content=\"Voeux du Maire 2021 - Site officiel de la ville d&#039;Illies\" \/>\n<meta property=\"og:description\" content=\"Monsieur le Maire d&#039;Illies, le conseil municipal ainsi que tous les employ\u00e9s municipaux vous souhaitent une belle et heureuse ann\u00e9e 2021.\" \/>\n<meta property=\"og:url\" content=\"https:\/\/ville-illies.fr\/?p=38074\" \/>\n<meta property=\"og:site_name\" content=\"Site officiel de la ville d&#039;Illies\" \/>\n<meta property=\"article:published_time\" content=\"2021-01-16T17:10:07+00:00\" \/>\n<meta property=\"article:modified_time\" content=\"2021-02-26T07:48:08+00:00\" \/>\n<meta property=\"og:image\" content=\"https:\/\/ville-illies.fr\/wp-content\/uploads\/2021\/01\/voeux-mairie-scaled.jpg\" \/>\n\t<meta property=\"og:image:width\" content=\"1024\" \/>\n\t<meta property=\"og:image:height\" content=\"684\" \/>\n\t<meta property=\"og:image:type\" content=\"image\/jpeg\" \/>\n<meta name=\"author\" content=\"AMO\" \/>\n<meta name=\"twitter:card\" content=\"summary_large_image\" \/>\n<meta name=\"twitter:label1\" content=\"\u00c9crit par\" \/>\n\t<meta name=\"twitter:data1\" content=\"AMO\" \/>\n\t<meta name=\"twitter:label2\" content=\"Dur\u00e9e de lecture estim\u00e9e\" \/>\n\t<meta name=\"twitter:data2\" content=\"1 minute\" \/>\n<script type=\"application\/ld+json\" class=\"yoast-schema-graph\">{\"@context\":\"https:\\\/\\\/schema.org\",\"@graph\":[{\"@type\":\"Article\",\"@id\":\"https:\\\/\\\/ville-illies.fr\\\/?p=38074#article\",\"isPartOf\":{\"@id\":\"https:\\\/\\\/ville-illies.fr\\\/?p=38074\"},\"author\":{\"name\":\"AMO\",\"@id\":\"https:\\\/\\\/ville-illies.fr\\\/#\\\/schema\\\/person\\\/4ce62e67b166a6398936207b771f3127\"},\"headline\":\"Voeux du Maire 2021\",\"datePublished\":\"2021-01-16T17:10:07+00:00\",\"dateModified\":\"2021-02-26T07:48:08+00:00\",\"mainEntityOfPage\":{\"@id\":\"https:\\\/\\\/ville-illies.fr\\\/?p=38074\"},\"wordCount\":199,\"commentCount\":0,\"publisher\":{\"@id\":\"https:\\\/\\\/ville-illies.fr\\\/#organization\"},\"image\":{\"@id\":\"https:\\\/\\\/ville-illies.fr\\\/?p=38074#primaryimage\"},\"thumbnailUrl\":\"https:\\\/\\\/ville-illies.fr\\\/wp-content\\\/uploads\\\/2021\\\/01\\\/voeux-mairie-scaled.jpg\",\"articleSection\":[\"Ev\u00e9nements\"],\"inLanguage\":\"fr-FR\",\"potentialAction\":[{\"@type\":\"CommentAction\",\"name\":\"Comment\",\"target\":[\"https:\\\/\\\/ville-illies.fr\\\/?p=38074#respond\"]}]},{\"@type\":\"WebPage\",\"@id\":\"https:\\\/\\\/ville-illies.fr\\\/?p=38074\",\"url\":\"https:\\\/\\\/ville-illies.fr\\\/?p=38074\",\"name\":\"Voeux du Maire 2021 - Site officiel de la ville d&#039;Illies\",\"isPartOf\":{\"@id\":\"https:\\\/\\\/ville-illies.fr\\\/#website\"},\"primaryImageOfPage\":{\"@id\":\"https:\\\/\\\/ville-illies.fr\\\/?p=38074#primaryimage\"},\"image\":{\"@id\":\"https:\\\/\\\/ville-illies.fr\\\/?p=38074#primaryimage\"},\"thumbnailUrl\":\"https:\\\/\\\/ville-illies.fr\\\/wp-content\\\/uploads\\\/2021\\\/01\\\/voeux-mairie-scaled.jpg\",\"datePublished\":\"2021-01-16T17:10:07+00:00\",\"dateModified\":\"2021-02-26T07:48:08+00:00\",\"breadcrumb\":{\"@id\":\"https:\\\/\\\/ville-illies.fr\\\/?p=38074#breadcrumb\"},\"inLanguage\":\"fr-FR\",\"potentialAction\":[{\"@type\":\"ReadAction\",\"target\":[\"https:\\\/\\\/ville-illies.fr\\\/?p=38074\"]}]},{\"@type\":\"ImageObject\",\"inLanguage\":\"fr-FR\",\"@id\":\"https:\\\/\\\/ville-illies.fr\\\/?p=38074#primaryimage\",\"url\":\"https:\\\/\\\/ville-illies.fr\\\/wp-content\\\/uploads\\\/2021\\\/01\\\/voeux-mairie-scaled.jpg\",\"contentUrl\":\"https:\\\/\\\/ville-illies.fr\\\/wp-content\\\/uploads\\\/2021\\\/01\\\/voeux-mairie-scaled.jpg\",\"width\":1024,\"height\":684},{\"@type\":\"BreadcrumbList\",\"@id\":\"https:\\\/\\\/ville-illies.fr\\\/?p=38074#breadcrumb\",\"itemListElement\":[{\"@type\":\"ListItem\",\"position\":1,\"name\":\"Accueil\",\"item\":\"https:\\\/\\\/ville-illies.fr\\\/\"},{\"@type\":\"ListItem\",\"position\":2,\"name\":\"Voeux du Maire 2021\"}]},{\"@type\":\"WebSite\",\"@id\":\"https:\\\/\\\/ville-illies.fr\\\/#website\",\"url\":\"https:\\\/\\\/ville-illies.fr\\\/\",\"name\":\"Site officiel de la ville d&#039;Illies\",\"description\":\"Illies, votre village\",\"publisher\":{\"@id\":\"https:\\\/\\\/ville-illies.fr\\\/#organization\"},\"potentialAction\":[{\"@type\":\"SearchAction\",\"target\":{\"@type\":\"EntryPoint\",\"urlTemplate\":\"https:\\\/\\\/ville-illies.fr\\\/?s={search_term_string}\"},\"query-input\":{\"@type\":\"PropertyValueSpecification\",\"valueRequired\":true,\"valueName\":\"search_term_string\"}}],\"inLanguage\":\"fr-FR\"},{\"@type\":\"Organization\",\"@id\":\"https:\\\/\\\/ville-illies.fr\\\/#organization\",\"name\":\"Mairie d'Illies\",\"url\":\"https:\\\/\\\/ville-illies.fr\\\/\",\"logo\":{\"@type\":\"ImageObject\",\"inLanguage\":\"fr-FR\",\"@id\":\"https:\\\/\\\/ville-illies.fr\\\/#\\\/schema\\\/logo\\\/image\\\/\",\"url\":\"https:\\\/\\\/ville-illies.fr\\\/wp-content\\\/uploads\\\/2018\\\/12\\\/LogoIllies500x600.png\",\"contentUrl\":\"https:\\\/\\\/ville-illies.fr\\\/wp-content\\\/uploads\\\/2018\\\/12\\\/LogoIllies500x600.png\",\"width\":500,\"height\":600,\"caption\":\"Mairie d'Illies\"},\"image\":{\"@id\":\"https:\\\/\\\/ville-illies.fr\\\/#\\\/schema\\\/logo\\\/image\\\/\"}},{\"@type\":\"Person\",\"@id\":\"https:\\\/\\\/ville-illies.fr\\\/#\\\/schema\\\/person\\\/4ce62e67b166a6398936207b771f3127\",\"name\":\"AMO\",\"image\":{\"@type\":\"ImageObject\",\"inLanguage\":\"fr-FR\",\"@id\":\"https:\\\/\\\/secure.gravatar.com\\\/avatar\\\/010ed7a6e3d68ac7c80f828d17a0f1c1238004cc33dee85cce5bec28ebd24f3b?s=96&d=mm&r=g\",\"url\":\"https:\\\/\\\/secure.gravatar.com\\\/avatar\\\/010ed7a6e3d68ac7c80f828d17a0f1c1238004cc33dee85cce5bec28ebd24f3b?s=96&d=mm&r=g\",\"contentUrl\":\"https:\\\/\\\/secure.gravatar.com\\\/avatar\\\/010ed7a6e3d68ac7c80f828d17a0f1c1238004cc33dee85cce5bec28ebd24f3b?s=96&d=mm&r=g\",\"caption\":\"AMO\"},\"sameAs\":[\"http:\\\/\\\/amaury-ramaut.fr\"],\"url\":\"https:\\\/\\\/ville-illies.fr\\\/?author=1\"}]}<\/script>\n<!-- \/ Yoast SEO plugin. -->","yoast_head_json":{"title":"Voeux du Maire 2021 - Site officiel de la ville d&#039;Illies","robots":{"index":"index","follow":"follow","max-snippet":"max-snippet:-1","max-image-preview":"max-image-preview:large","max-video-preview":"max-video-preview:-1"},"canonical":"https:\/\/ville-illies.fr\/?p=38074","og_locale":"fr_FR","og_type":"article","og_title":"Voeux du Maire 2021 - Site officiel de la ville d&#039;Illies","og_description":"Monsieur le Maire d'Illies, le conseil municipal ainsi que tous les employ\u00e9s municipaux vous souhaitent une belle et heureuse ann\u00e9e 2021.","og_url":"https:\/\/ville-illies.fr\/?p=38074","og_site_name":"Site officiel de la ville d&#039;Illies","article_published_time":"2021-01-16T17:10:07+00:00","article_modified_time":"2021-02-26T07:48:08+00:00","og_image":[{"width":1024,"height":684,"url":"https:\/\/ville-illies.fr\/wp-content\/uploads\/2021\/01\/voeux-mairie-scaled.jpg","type":"image\/jpeg"}],"author":"AMO","twitter_card":"summary_large_image","twitter_misc":{"\u00c9crit par":"AMO","Dur\u00e9e de lecture estim\u00e9e":"1 minute"},"schema":{"@context":"https:\/\/schema.org","@graph":[{"@type":"Article","@id":"https:\/\/ville-illies.fr\/?p=38074#article","isPartOf":{"@id":"https:\/\/ville-illies.fr\/?p=38074"},"author":{"name":"AMO","@id":"https:\/\/ville-illies.fr\/#\/schema\/person\/4ce62e67b166a6398936207b771f3127"},"headline":"Voeux du Maire 2021","datePublished":"2021-01-16T17:10:07+00:00","dateModified":"2021-02-26T07:48:08+00:00","mainEntityOfPage":{"@id":"https:\/\/ville-illies.fr\/?p=38074"},"wordCount":199,"commentCount":0,"publisher":{"@id":"https:\/\/ville-illies.fr\/#organization"},"image":{"@id":"https:\/\/ville-illies.fr\/?p=38074#primaryimage"},"thumbnailUrl":"https:\/\/ville-illies.fr\/wp-content\/uploads\/2021\/01\/voeux-mairie-scaled.jpg","articleSection":["Ev\u00e9nements"],"inLanguage":"fr-FR","potentialAction":[{"@type":"CommentAction","name":"Comment","target":["https:\/\/ville-illies.fr\/?p=38074#respond"]}]},{"@type":"WebPage","@id":"https:\/\/ville-illies.fr\/?p=38074","url":"https:\/\/ville-illies.fr\/?p=38074","name":"Voeux du Maire 2021 - Site officiel de la ville d&#039;Illies","isPartOf":{"@id":"https:\/\/ville-illies.fr\/#website"},"primaryImageOfPage":{"@id":"https:\/\/ville-illies.fr\/?p=38074#primaryimage"},"image":{"@id":"https:\/\/ville-illies.fr\/?p=38074#primaryimage"},"thumbnailUrl":"https:\/\/ville-illies.fr\/wp-content\/uploads\/2021\/01\/voeux-mairie-scaled.jpg","datePublished":"2021-01-16T17:10:07+00:00","dateModified":"2021-02-26T07:48:08+00:00","breadcrumb":{"@id":"https:\/\/ville-illies.fr\/?p=38074#breadcrumb"},"inLanguage":"fr-FR","potentialAction":[{"@type":"ReadAction","target":["https:\/\/ville-illies.fr\/?p=38074"]}]},{"@type":"ImageObject","inLanguage":"fr-FR","@id":"https:\/\/ville-illies.fr\/?p=38074#primaryimage","url":"https:\/\/ville-illies.fr\/wp-content\/uploads\/2021\/01\/voeux-mairie-scaled.jpg","contentUrl":"https:\/\/ville-illies.fr\/wp-content\/uploads\/2021\/01\/voeux-mairie-scaled.jpg","width":1024,"height":684},{"@type":"BreadcrumbList","@id":"https:\/\/ville-illies.fr\/?p=38074#breadcrumb","itemListElement":[{"@type":"ListItem","position":1,"name":"Accueil","item":"https:\/\/ville-illies.fr\/"},{"@type":"ListItem","position":2,"name":"Voeux du Maire 2021"}]},{"@type":"WebSite","@id":"https:\/\/ville-illies.fr\/#website","url":"https:\/\/ville-illies.fr\/","name":"Site officiel de la ville d&#039;Illies","description":"Illies, votre village","publisher":{"@id":"https:\/\/ville-illies.fr\/#organization"},"potentialAction":[{"@type":"SearchAction","target":{"@type":"EntryPoint","urlTemplate":"https:\/\/ville-illies.fr\/?s={search_term_string}"},"query-input":{"@type":"PropertyValueSpecification","valueRequired":true,"valueName":"search_term_string"}}],"inLanguage":"fr-FR"},{"@type":"Organization","@id":"https:\/\/ville-illies.fr\/#organization","name":"Mairie d'Illies","url":"https:\/\/ville-illies.fr\/","logo":{"@type":"ImageObject","inLanguage":"fr-FR","@id":"https:\/\/ville-illies.fr\/#\/schema\/logo\/image\/","url":"https:\/\/ville-illies.fr\/wp-content\/uploads\/2018\/12\/LogoIllies500x600.png","contentUrl":"https:\/\/ville-illies.fr\/wp-content\/uploads\/2018\/12\/LogoIllies500x600.png","width":500,"height":600,"caption":"Mairie d'Illies"},"image":{"@id":"https:\/\/ville-illies.fr\/#\/schema\/logo\/image\/"}},{"@type":"Person","@id":"https:\/\/ville-illies.fr\/#\/schema\/person\/4ce62e67b166a6398936207b771f3127","name":"AMO","image":{"@type":"ImageObject","inLanguage":"fr-FR","@id":"https:\/\/secure.gravatar.com\/avatar\/010ed7a6e3d68ac7c80f828d17a0f1c1238004cc33dee85cce5bec28ebd24f3b?s=96&d=mm&r=g","url":"https:\/\/secure.gravatar.com\/avatar\/010ed7a6e3d68ac7c80f828d17a0f1c1238004cc33dee85cce5bec28ebd24f3b?s=96&d=mm&r=g","contentUrl":"https:\/\/secure.gravatar.com\/avatar\/010ed7a6e3d68ac7c80f828d17a0f1c1238004cc33dee85cce5bec28ebd24f3b?s=96&d=mm&r=g","caption":"AMO"},"sameAs":["http:\/\/amaury-ramaut.fr"],"url":"https:\/\/ville-illies.fr\/?author=1"}]}},"_links":{"self":[{"href":"https:\/\/ville-illies.fr\/index.php?rest_route=\/wp\/v2\/posts\/38074","targetHints":{"allow":["GET"]}}],"collection":[{"href":"https:\/\/ville-illies.fr\/index.php?rest_route=\/wp\/v2\/posts"}],"about":[{"href":"https:\/\/ville-illies.fr\/index.php?rest_route=\/wp\/v2\/types\/post"}],"author":[{"embeddable":true,"href":"https:\/\/ville-illies.fr\/index.php?rest_route=\/wp\/v2\/users\/1"}],"replies":[{"embeddable":true,"href":"https:\/\/ville-illies.fr\/index.php?rest_route=%2Fwp%2Fv2%2Fcomments&post=38074"}],"version-history":[{"count":0,"href":"https:\/\/ville-illies.fr\/index.php?rest_route=\/wp\/v2\/posts\/38074\/revisions"}],"wp:featuredmedia":[{"embeddable":true,"href":"https:\/\/ville-illies.fr\/index.php?rest_route=\/wp\/v2\/media\/38124"}],"wp:attachment":[{"href":"https:\/\/ville-illies.fr\/index.php?rest_route=%2Fwp%2Fv2%2Fmedia&parent=38074"}],"wp:term":[{"taxonomy":"category","embeddable":true,"href":"https:\/\/ville-illies.fr\/index.php?rest_route=%2Fwp%2Fv2%2Fcategories&post=38074"},{"taxonomy":"post_tag","embeddable":true,"href":"https:\/\/ville-illies.fr\/index.php?rest_route=%2Fwp%2Fv2%2Ftags&post=38074"}],"curies":[{"name":"wp","href":"https:\/\/api.w.org\/{rel}","templated":true}]}}