{"id":63232,"date":"2021-10-10T13:46:23","date_gmt":"2021-10-10T13:46:23","guid":{"rendered":"https:\/\/ville-illies.fr\/?p=63232"},"modified":"2021-10-18T18:58:49","modified_gmt":"2021-10-18T18:58:49","slug":"travaux-sur-le-reseau-deau-potable","status":"publish","type":"post","link":"https:\/\/ville-illies.fr\/?p=63232","title":{"rendered":"TRAVAUX SUR LE RESEAU D&rsquo;EAU POTABLE"},"content":{"rendered":"<p>[et_pb_section fb_built=\u00a0\u00bb1&Prime; _builder_version=\u00a0\u00bb4.10.6&Prime; _module_preset=\u00a0\u00bbdefault\u00a0\u00bb global_colors_info=\u00a0\u00bb{}\u00a0\u00bb][et_pb_row _builder_version=\u00a0\u00bb4.10.6&Prime; _module_preset=\u00a0\u00bbdefault\u00a0\u00bb global_colors_info=\u00a0\u00bb{}\u00a0\u00bb][et_pb_column type=\u00a0\u00bb4_4&Prime; _builder_version=\u00a0\u00bb4.10.6&Prime; _module_preset=\u00a0\u00bbdefault\u00a0\u00bb global_colors_info=\u00a0\u00bb{}\u00a0\u00bb][et_pb_text _builder_version=\u00a0\u00bb4.10.6&Prime; _module_preset=\u00a0\u00bbdefault\u00a0\u00bb hover_enabled=\u00a0\u00bb0&Prime; global_colors_info=\u00a0\u00bb{}\u00a0\u00bb sticky_enabled=\u00a0\u00bb0&Prime;]<\/p>\n<p>Avis de coupure d&rsquo;eau sur la commune.<\/p>\n<p>La distribution d&rsquo;eau potable sera interrompue ce 11 octobre.<\/p>\n<p>Tous les d\u00e9tails ci-dessous.<\/p>\n<p>[\/et_pb_text][\/et_pb_column][\/et_pb_row][\/et_pb_section][et_pb_section fb_built=\u00a0\u00bb1&Prime; _builder_version=\u00a0\u00bb4.10.6&Prime; _module_preset=\u00a0\u00bbdefault\u00a0\u00bb global_colors_info=\u00a0\u00bb{}\u00a0\u00bb][et_pb_row _builder_version=\u00a0\u00bb4.10.6&Prime; _module_preset=\u00a0\u00bbdefault\u00a0\u00bb global_colors_info=\u00a0\u00bb{}\u00a0\u00bb][et_pb_column type=\u00a0\u00bb4_4&Prime; _builder_version=\u00a0\u00bb4.10.6&Prime; _module_preset=\u00a0\u00bbdefault\u00a0\u00bb global_colors_info=\u00a0\u00bb{}\u00a0\u00bb][et_pb_image src=\u00a0\u00bbhttps:\/\/ville-illies.fr\/wp-content\/uploads\/2021\/10\/nore-scaled.jpg\u00a0\u00bb alt=\u00a0\u00bbConseil municipal d&rsquo;Illies au complet\u00a0\u00bb title_text=\u00a0\u00bbnore\u00a0\u00bb show_in_lightbox=\u00a0\u00bbon\u00a0\u00bb _builder_version=\u00a0\u00bb4.10.6&Prime; _module_preset=\u00a0\u00bbdefault\u00a0\u00bb global_colors_info=\u00a0\u00bb{}\u00a0\u00bb][\/et_pb_image][\/et_pb_column][\/et_pb_row][\/et_pb_section]<\/p>\n","protected":false},"excerpt":{"rendered":"<p>Avis de coupure d&rsquo;eau sur la commune. La distribution d&rsquo;eau potable sera interrompue ce 11 octobre. Tous les d\u00e9tails ci-dessous.<\/p>\n","protected":false},"author":1,"featured_media":63238,"comment_status":"open","ping_status":"open","sticky":false,"template":"","format":"standard","meta":{"_et_pb_use_builder":"on","_et_pb_old_content":"","_et_gb_content_width":"","footnotes":""},"categories":[40],"tags":[],"class_list":["post-63232","post","type-post","status-publish","format-standard","has-post-thumbnail","hentry","category-infos"],"yoast_head":"<!-- This site is optimized with the Yoast SEO plugin v27.4 - https:\/\/yoast.com\/product\/yoast-seo-wordpress\/ -->\n<title>TRAVAUX SUR LE RESEAU D&#039;EAU POTABLE - Site officiel de la ville d&#039;Illies<\/title>\n<meta name=\"robots\" content=\"index, follow, max-snippet:-1, max-image-preview:large, max-video-preview:-1\" \/>\n<link rel=\"canonical\" href=\"https:\/\/ville-illies.fr\/?p=63232\" \/>\n<meta property=\"og:locale\" content=\"fr_FR\" \/>\n<meta property=\"og:type\" content=\"article\" \/>\n<meta property=\"og:title\" content=\"TRAVAUX SUR LE RESEAU D&#039;EAU POTABLE - Site officiel de la ville d&#039;Illies\" \/>\n<meta property=\"og:description\" content=\"Avis de coupure d&#039;eau sur la commune. La distribution d&#039;eau potable sera interrompue ce 11 octobre. Tous les d\u00e9tails ci-dessous.\" \/>\n<meta property=\"og:url\" content=\"https:\/\/ville-illies.fr\/?p=63232\" \/>\n<meta property=\"og:site_name\" content=\"Site officiel de la ville d&#039;Illies\" \/>\n<meta property=\"article:published_time\" content=\"2021-10-10T13:46:23+00:00\" \/>\n<meta property=\"article:modified_time\" content=\"2021-10-18T18:58:49+00:00\" \/>\n<meta property=\"og:image\" content=\"https:\/\/ville-illies.fr\/wp-content\/uploads\/2021\/10\/noreade-1.jpeg\" \/>\n\t<meta property=\"og:image:width\" content=\"944\" \/>\n\t<meta property=\"og:image:height\" content=\"708\" \/>\n\t<meta property=\"og:image:type\" content=\"image\/jpeg\" \/>\n<meta name=\"author\" content=\"AMO\" \/>\n<meta name=\"twitter:card\" content=\"summary_large_image\" \/>\n<meta name=\"twitter:label1\" content=\"\u00c9crit par\" \/>\n\t<meta name=\"twitter:data1\" content=\"AMO\" \/>\n\t<meta name=\"twitter:label2\" content=\"Dur\u00e9e de lecture estim\u00e9e\" \/>\n\t<meta name=\"twitter:data2\" content=\"1 minute\" \/>\n<script type=\"application\/ld+json\" class=\"yoast-schema-graph\">{\"@context\":\"https:\\\/\\\/schema.org\",\"@graph\":[{\"@type\":\"Article\",\"@id\":\"https:\\\/\\\/ville-illies.fr\\\/?p=63232#article\",\"isPartOf\":{\"@id\":\"https:\\\/\\\/ville-illies.fr\\\/?p=63232\"},\"author\":{\"name\":\"AMO\",\"@id\":\"https:\\\/\\\/ville-illies.fr\\\/#\\\/schema\\\/person\\\/4ce62e67b166a6398936207b771f3127\"},\"headline\":\"TRAVAUX SUR LE RESEAU D&rsquo;EAU POTABLE\",\"datePublished\":\"2021-10-10T13:46:23+00:00\",\"dateModified\":\"2021-10-18T18:58:49+00:00\",\"mainEntityOfPage\":{\"@id\":\"https:\\\/\\\/ville-illies.fr\\\/?p=63232\"},\"wordCount\":169,\"commentCount\":0,\"publisher\":{\"@id\":\"https:\\\/\\\/ville-illies.fr\\\/#organization\"},\"image\":{\"@id\":\"https:\\\/\\\/ville-illies.fr\\\/?p=63232#primaryimage\"},\"thumbnailUrl\":\"https:\\\/\\\/ville-illies.fr\\\/wp-content\\\/uploads\\\/2021\\\/10\\\/noreade-1.jpeg\",\"articleSection\":[\"Infos\"],\"inLanguage\":\"fr-FR\",\"potentialAction\":[{\"@type\":\"CommentAction\",\"name\":\"Comment\",\"target\":[\"https:\\\/\\\/ville-illies.fr\\\/?p=63232#respond\"]}]},{\"@type\":\"WebPage\",\"@id\":\"https:\\\/\\\/ville-illies.fr\\\/?p=63232\",\"url\":\"https:\\\/\\\/ville-illies.fr\\\/?p=63232\",\"name\":\"TRAVAUX SUR LE RESEAU D'EAU POTABLE - Site officiel de la ville d&#039;Illies\",\"isPartOf\":{\"@id\":\"https:\\\/\\\/ville-illies.fr\\\/#website\"},\"primaryImageOfPage\":{\"@id\":\"https:\\\/\\\/ville-illies.fr\\\/?p=63232#primaryimage\"},\"image\":{\"@id\":\"https:\\\/\\\/ville-illies.fr\\\/?p=63232#primaryimage\"},\"thumbnailUrl\":\"https:\\\/\\\/ville-illies.fr\\\/wp-content\\\/uploads\\\/2021\\\/10\\\/noreade-1.jpeg\",\"datePublished\":\"2021-10-10T13:46:23+00:00\",\"dateModified\":\"2021-10-18T18:58:49+00:00\",\"breadcrumb\":{\"@id\":\"https:\\\/\\\/ville-illies.fr\\\/?p=63232#breadcrumb\"},\"inLanguage\":\"fr-FR\",\"potentialAction\":[{\"@type\":\"ReadAction\",\"target\":[\"https:\\\/\\\/ville-illies.fr\\\/?p=63232\"]}]},{\"@type\":\"ImageObject\",\"inLanguage\":\"fr-FR\",\"@id\":\"https:\\\/\\\/ville-illies.fr\\\/?p=63232#primaryimage\",\"url\":\"https:\\\/\\\/ville-illies.fr\\\/wp-content\\\/uploads\\\/2021\\\/10\\\/noreade-1.jpeg\",\"contentUrl\":\"https:\\\/\\\/ville-illies.fr\\\/wp-content\\\/uploads\\\/2021\\\/10\\\/noreade-1.jpeg\",\"width\":944,\"height\":708},{\"@type\":\"BreadcrumbList\",\"@id\":\"https:\\\/\\\/ville-illies.fr\\\/?p=63232#breadcrumb\",\"itemListElement\":[{\"@type\":\"ListItem\",\"position\":1,\"name\":\"Accueil\",\"item\":\"https:\\\/\\\/ville-illies.fr\\\/\"},{\"@type\":\"ListItem\",\"position\":2,\"name\":\"TRAVAUX SUR LE RESEAU D&rsquo;EAU POTABLE\"}]},{\"@type\":\"WebSite\",\"@id\":\"https:\\\/\\\/ville-illies.fr\\\/#website\",\"url\":\"https:\\\/\\\/ville-illies.fr\\\/\",\"name\":\"Site officiel de la ville d&#039;Illies\",\"description\":\"Illies, votre village\",\"publisher\":{\"@id\":\"https:\\\/\\\/ville-illies.fr\\\/#organization\"},\"potentialAction\":[{\"@type\":\"SearchAction\",\"target\":{\"@type\":\"EntryPoint\",\"urlTemplate\":\"https:\\\/\\\/ville-illies.fr\\\/?s={search_term_string}\"},\"query-input\":{\"@type\":\"PropertyValueSpecification\",\"valueRequired\":true,\"valueName\":\"search_term_string\"}}],\"inLanguage\":\"fr-FR\"},{\"@type\":\"Organization\",\"@id\":\"https:\\\/\\\/ville-illies.fr\\\/#organization\",\"name\":\"Mairie d'Illies\",\"url\":\"https:\\\/\\\/ville-illies.fr\\\/\",\"logo\":{\"@type\":\"ImageObject\",\"inLanguage\":\"fr-FR\",\"@id\":\"https:\\\/\\\/ville-illies.fr\\\/#\\\/schema\\\/logo\\\/image\\\/\",\"url\":\"https:\\\/\\\/ville-illies.fr\\\/wp-content\\\/uploads\\\/2018\\\/12\\\/LogoIllies500x600.png\",\"contentUrl\":\"https:\\\/\\\/ville-illies.fr\\\/wp-content\\\/uploads\\\/2018\\\/12\\\/LogoIllies500x600.png\",\"width\":500,\"height\":600,\"caption\":\"Mairie d'Illies\"},\"image\":{\"@id\":\"https:\\\/\\\/ville-illies.fr\\\/#\\\/schema\\\/logo\\\/image\\\/\"}},{\"@type\":\"Person\",\"@id\":\"https:\\\/\\\/ville-illies.fr\\\/#\\\/schema\\\/person\\\/4ce62e67b166a6398936207b771f3127\",\"name\":\"AMO\",\"image\":{\"@type\":\"ImageObject\",\"inLanguage\":\"fr-FR\",\"@id\":\"https:\\\/\\\/secure.gravatar.com\\\/avatar\\\/010ed7a6e3d68ac7c80f828d17a0f1c1238004cc33dee85cce5bec28ebd24f3b?s=96&d=mm&r=g\",\"url\":\"https:\\\/\\\/secure.gravatar.com\\\/avatar\\\/010ed7a6e3d68ac7c80f828d17a0f1c1238004cc33dee85cce5bec28ebd24f3b?s=96&d=mm&r=g\",\"contentUrl\":\"https:\\\/\\\/secure.gravatar.com\\\/avatar\\\/010ed7a6e3d68ac7c80f828d17a0f1c1238004cc33dee85cce5bec28ebd24f3b?s=96&d=mm&r=g\",\"caption\":\"AMO\"},\"sameAs\":[\"http:\\\/\\\/amaury-ramaut.fr\"],\"url\":\"https:\\\/\\\/ville-illies.fr\\\/?author=1\"}]}<\/script>\n<!-- \/ Yoast SEO plugin. -->","yoast_head_json":{"title":"TRAVAUX SUR LE RESEAU D'EAU POTABLE - Site officiel de la ville d&#039;Illies","robots":{"index":"index","follow":"follow","max-snippet":"max-snippet:-1","max-image-preview":"max-image-preview:large","max-video-preview":"max-video-preview:-1"},"canonical":"https:\/\/ville-illies.fr\/?p=63232","og_locale":"fr_FR","og_type":"article","og_title":"TRAVAUX SUR LE RESEAU D'EAU POTABLE - Site officiel de la ville d&#039;Illies","og_description":"Avis de coupure d'eau sur la commune. La distribution d'eau potable sera interrompue ce 11 octobre. Tous les d\u00e9tails ci-dessous.","og_url":"https:\/\/ville-illies.fr\/?p=63232","og_site_name":"Site officiel de la ville d&#039;Illies","article_published_time":"2021-10-10T13:46:23+00:00","article_modified_time":"2021-10-18T18:58:49+00:00","og_image":[{"width":944,"height":708,"url":"https:\/\/ville-illies.fr\/wp-content\/uploads\/2021\/10\/noreade-1.jpeg","type":"image\/jpeg"}],"author":"AMO","twitter_card":"summary_large_image","twitter_misc":{"\u00c9crit par":"AMO","Dur\u00e9e de lecture estim\u00e9e":"1 minute"},"schema":{"@context":"https:\/\/schema.org","@graph":[{"@type":"Article","@id":"https:\/\/ville-illies.fr\/?p=63232#article","isPartOf":{"@id":"https:\/\/ville-illies.fr\/?p=63232"},"author":{"name":"AMO","@id":"https:\/\/ville-illies.fr\/#\/schema\/person\/4ce62e67b166a6398936207b771f3127"},"headline":"TRAVAUX SUR LE RESEAU D&rsquo;EAU POTABLE","datePublished":"2021-10-10T13:46:23+00:00","dateModified":"2021-10-18T18:58:49+00:00","mainEntityOfPage":{"@id":"https:\/\/ville-illies.fr\/?p=63232"},"wordCount":169,"commentCount":0,"publisher":{"@id":"https:\/\/ville-illies.fr\/#organization"},"image":{"@id":"https:\/\/ville-illies.fr\/?p=63232#primaryimage"},"thumbnailUrl":"https:\/\/ville-illies.fr\/wp-content\/uploads\/2021\/10\/noreade-1.jpeg","articleSection":["Infos"],"inLanguage":"fr-FR","potentialAction":[{"@type":"CommentAction","name":"Comment","target":["https:\/\/ville-illies.fr\/?p=63232#respond"]}]},{"@type":"WebPage","@id":"https:\/\/ville-illies.fr\/?p=63232","url":"https:\/\/ville-illies.fr\/?p=63232","name":"TRAVAUX SUR LE RESEAU D'EAU POTABLE - Site officiel de la ville d&#039;Illies","isPartOf":{"@id":"https:\/\/ville-illies.fr\/#website"},"primaryImageOfPage":{"@id":"https:\/\/ville-illies.fr\/?p=63232#primaryimage"},"image":{"@id":"https:\/\/ville-illies.fr\/?p=63232#primaryimage"},"thumbnailUrl":"https:\/\/ville-illies.fr\/wp-content\/uploads\/2021\/10\/noreade-1.jpeg","datePublished":"2021-10-10T13:46:23+00:00","dateModified":"2021-10-18T18:58:49+00:00","breadcrumb":{"@id":"https:\/\/ville-illies.fr\/?p=63232#breadcrumb"},"inLanguage":"fr-FR","potentialAction":[{"@type":"ReadAction","target":["https:\/\/ville-illies.fr\/?p=63232"]}]},{"@type":"ImageObject","inLanguage":"fr-FR","@id":"https:\/\/ville-illies.fr\/?p=63232#primaryimage","url":"https:\/\/ville-illies.fr\/wp-content\/uploads\/2021\/10\/noreade-1.jpeg","contentUrl":"https:\/\/ville-illies.fr\/wp-content\/uploads\/2021\/10\/noreade-1.jpeg","width":944,"height":708},{"@type":"BreadcrumbList","@id":"https:\/\/ville-illies.fr\/?p=63232#breadcrumb","itemListElement":[{"@type":"ListItem","position":1,"name":"Accueil","item":"https:\/\/ville-illies.fr\/"},{"@type":"ListItem","position":2,"name":"TRAVAUX SUR LE RESEAU D&rsquo;EAU POTABLE"}]},{"@type":"WebSite","@id":"https:\/\/ville-illies.fr\/#website","url":"https:\/\/ville-illies.fr\/","name":"Site officiel de la ville d&#039;Illies","description":"Illies, votre village","publisher":{"@id":"https:\/\/ville-illies.fr\/#organization"},"potentialAction":[{"@type":"SearchAction","target":{"@type":"EntryPoint","urlTemplate":"https:\/\/ville-illies.fr\/?s={search_term_string}"},"query-input":{"@type":"PropertyValueSpecification","valueRequired":true,"valueName":"search_term_string"}}],"inLanguage":"fr-FR"},{"@type":"Organization","@id":"https:\/\/ville-illies.fr\/#organization","name":"Mairie d'Illies","url":"https:\/\/ville-illies.fr\/","logo":{"@type":"ImageObject","inLanguage":"fr-FR","@id":"https:\/\/ville-illies.fr\/#\/schema\/logo\/image\/","url":"https:\/\/ville-illies.fr\/wp-content\/uploads\/2018\/12\/LogoIllies500x600.png","contentUrl":"https:\/\/ville-illies.fr\/wp-content\/uploads\/2018\/12\/LogoIllies500x600.png","width":500,"height":600,"caption":"Mairie d'Illies"},"image":{"@id":"https:\/\/ville-illies.fr\/#\/schema\/logo\/image\/"}},{"@type":"Person","@id":"https:\/\/ville-illies.fr\/#\/schema\/person\/4ce62e67b166a6398936207b771f3127","name":"AMO","image":{"@type":"ImageObject","inLanguage":"fr-FR","@id":"https:\/\/secure.gravatar.com\/avatar\/010ed7a6e3d68ac7c80f828d17a0f1c1238004cc33dee85cce5bec28ebd24f3b?s=96&d=mm&r=g","url":"https:\/\/secure.gravatar.com\/avatar\/010ed7a6e3d68ac7c80f828d17a0f1c1238004cc33dee85cce5bec28ebd24f3b?s=96&d=mm&r=g","contentUrl":"https:\/\/secure.gravatar.com\/avatar\/010ed7a6e3d68ac7c80f828d17a0f1c1238004cc33dee85cce5bec28ebd24f3b?s=96&d=mm&r=g","caption":"AMO"},"sameAs":["http:\/\/amaury-ramaut.fr"],"url":"https:\/\/ville-illies.fr\/?author=1"}]}},"_links":{"self":[{"href":"https:\/\/ville-illies.fr\/index.php?rest_route=\/wp\/v2\/posts\/63232","targetHints":{"allow":["GET"]}}],"collection":[{"href":"https:\/\/ville-illies.fr\/index.php?rest_route=\/wp\/v2\/posts"}],"about":[{"href":"https:\/\/ville-illies.fr\/index.php?rest_route=\/wp\/v2\/types\/post"}],"author":[{"embeddable":true,"href":"https:\/\/ville-illies.fr\/index.php?rest_route=\/wp\/v2\/users\/1"}],"replies":[{"embeddable":true,"href":"https:\/\/ville-illies.fr\/index.php?rest_route=%2Fwp%2Fv2%2Fcomments&post=63232"}],"version-history":[{"count":0,"href":"https:\/\/ville-illies.fr\/index.php?rest_route=\/wp\/v2\/posts\/63232\/revisions"}],"wp:featuredmedia":[{"embeddable":true,"href":"https:\/\/ville-illies.fr\/index.php?rest_route=\/wp\/v2\/media\/63238"}],"wp:attachment":[{"href":"https:\/\/ville-illies.fr\/index.php?rest_route=%2Fwp%2Fv2%2Fmedia&parent=63232"}],"wp:term":[{"taxonomy":"category","embeddable":true,"href":"https:\/\/ville-illies.fr\/index.php?rest_route=%2Fwp%2Fv2%2Fcategories&post=63232"},{"taxonomy":"post_tag","embeddable":true,"href":"https:\/\/ville-illies.fr\/index.php?rest_route=%2Fwp%2Fv2%2Ftags&post=63232"}],"curies":[{"name":"wp","href":"https:\/\/api.w.org\/{rel}","templated":true}]}}